{"id":198,"date":"2016-12-02T17:53:54","date_gmt":"2016-12-02T16:53:54","guid":{"rendered":"http:\/\/www.yep4europe.eu\/?p=198"},"modified":"2017-07-05T11:51:16","modified_gmt":"2017-07-05T09:51:16","slug":"coneixem-stop-mare-mortum","status":"publish","type":"post","link":"https:\/\/www.yep4europe.eu\/ca\/blog\/2016\/12\/02\/coneixem-stop-mare-mortum\/","title":{"rendered":"Coneixem Stop Mare Mortum"},"content":{"rendered":"<p>Des del YEP hem assistit, durant l\u2019\u00faltim mes d\u2019octubre, a les reunions de la comissi\u00f3 de comunicaci\u00f3 de la plataforma <a href=\"https:\/\/stopmaremortum.org\/qui-som\/\"><i>Stop Mare Mortum<\/i><\/a>, que lluita per la no vulneraci\u00f3 de drets humans, amb l\u2019objectiu d\u2019explicar tant la feina que fan des de Barcelona com la nostra experi\u00e8ncia.<\/p>\n<p><i>Stop Mare Mortum <\/i>sorgeix despr\u00e9s de la mort d\u2019unes 900 persones a les costes italianes el 19 d\u2019<b>abril de 2015<\/b>. Va ser una not\u00edcia terrible que un grup de joves (creadors d\u2019aquesta plataforma) no volia deixar passar. Aix\u00ed va n\u00e8ixer <i>Stopmm<\/i>.<\/p>\n<p>La seva tasca principal \u00e9s la <b>sensibilitzaci\u00f3, la formaci\u00f3 de la ciutadania i la incid\u00e8ncia pol\u00edtica<\/b>; ho fan a trav\u00e9s de xerrades, performances, concentracions i propostes pol\u00edtiques. Des del YEP, vam participar en la \u00faltima performance celebrada a la Pla\u00e7a Universitat de Barcelona el 30 de setembre on van acudir unes 100 persones.<\/p>\n<p><img data-recalc-dims=\"1\" loading=\"lazy\" decoding=\"async\" data-attachment-id=\"199\" data-permalink=\"https:\/\/www.yep4europe.eu\/ca\/blog\/2016\/12\/02\/coneixem-stop-mare-mortum\/stopmm\/\" data-orig-file=\"https:\/\/i0.wp.com\/www.yep4europe.eu\/wp-content\/uploads\/2016\/12\/stopmm.jpg?fit=640%2C480&amp;ssl=1\" data-orig-size=\"640,480\" data-comments-opened=\"0\" data-image-meta=\"{&quot;aperture&quot;:&quot;0&quot;,&quot;credit&quot;:&quot;&quot;,&quot;camera&quot;:&quot;&quot;,&quot;caption&quot;:&quot;&quot;,&quot;created_timestamp&quot;:&quot;0&quot;,&quot;copyright&quot;:&quot;&quot;,&quot;focal_length&quot;:&quot;0&quot;,&quot;iso&quot;:&quot;0&quot;,&quot;shutter_speed&quot;:&quot;0&quot;,&quot;title&quot;:&quot;&quot;,&quot;orientation&quot;:&quot;0&quot;}\" data-image-title=\"stopmm\" data-image-description=\"\" data-image-caption=\"\" data-large-file=\"https:\/\/i0.wp.com\/www.yep4europe.eu\/wp-content\/uploads\/2016\/12\/stopmm.jpg?fit=640%2C480&amp;ssl=1\" class=\" wp-image-199 aligncenter\" src=\"https:\/\/i0.wp.com\/www.yep4europe.eu\/wp-content\/uploads\/2016\/12\/stopmm-300x225.jpg?resize=367%2C275\" alt=\"stopmm\" width=\"367\" height=\"275\" srcset=\"https:\/\/i0.wp.com\/www.yep4europe.eu\/wp-content\/uploads\/2016\/12\/stopmm.jpg?resize=300%2C225&amp;ssl=1 300w, https:\/\/i0.wp.com\/www.yep4europe.eu\/wp-content\/uploads\/2016\/12\/stopmm.jpg?w=640&amp;ssl=1 640w\" sizes=\"auto, (max-width: 367px) 100vw, 367px\" \/><\/p>\n<p>L\u2019objectiu d\u2019aquesta performance era informar de les morts que hi ha di\u00e0riament al Mediterrani. Nom\u00e9s al 2016 ja han mort <b>ofegades 4.220 persones<\/b> (dades fins el novembre de UNCHR). Precisament, aquest problema \u00e9s un dels objectius clau de Stopmm. Denuncien aquest genocidi del segle XXI, com diu la plataforma. Stop reclama <b>\u201cvies legals i segures\u201d<\/b> per evitar el tr\u00e0fic de persones que arrisquen les seves vides al mar.<\/p>\n<p>Lluiten, per una altra banda, pel compliment dels drets humans que pensen s\u2019estan vulnerant a Europa. Tota persona t\u00e9 dret a circular entre pa\u00efsos (art. 13 DDHH), aix\u00ed com tamb\u00e9 existeix el dret d\u2019asil (Art. 14 DDHH); i sembla que els refugiats i\/o migrants (la plataforma no fa distinci\u00f3) no tenen perqu\u00e8 no poden entrar a territori europeu.<\/p>\n<p>Demanen als governs que obrin fronteres, volen acabar amb el FRONTEX. <i>Stop Mare mortum<\/i> aplel\u00b7la a la ciutadania a posicionar-se i mobilitzar-se per tal d\u2019aconseguir complir tots els drets humans, que per aix\u00f2 existeixen. Volen que, en el nostre cas, el govern espanyol i catal\u00e0 obrin les seves portes i acullin a les persones que els hi correspon. <b>Stopmm: vol acollir!<\/b><\/p>\n<p>Des del YEP volem informar de les reivindicacions d\u2019aquesta plataforma que treballa per la no vulneraci\u00f3 de drets humans de tots els migrants que creuen el Mediterrani en buscar d\u2019un lloc segur on viure. Pensem que Stopmm fa una bona feina perqu\u00e8 informa a la poblaci\u00f3 de la problem\u00e0tica per tal de sensibilitzar, que tamb\u00e9 \u00e9s un dels objectius del projecte YEP. Aix\u00ed doncs, compartim la feina d\u2019aquests companys per tal d\u2019ensenyar la realitat i mostrar que des de Barcelona tamb\u00e9 podem treballar contra aquesta crisi humanit\u00e0ria del segle XXI.<\/p>\n","protected":false},"excerpt":{"rendered":"<p class=\"excerpt\">Des del YEP hem assistit, durant l\u2019\u00faltim mes d\u2019octubre, a les reunions de la comissi\u00f3 de comunicaci\u00f3 de la plataforma Stop Mare Mortum, que lluita per la no vulneraci\u00f3 de drets humans, amb l\u2019objectiu d\u2019explicar tant la feina que fan des de Barcelona com la nostra experi\u00e8ncia. Stop Mare Mortum sorgeix despr\u00e9s de la mort d\u2019unes 900 persones a les&hellip; <a href=\"https:\/\/www.yep4europe.eu\/ca\/blog\/2016\/12\/02\/coneixem-stop-mare-mortum\/\">Read more &rarr;<\/a><\/p>\n","protected":false},"author":6,"featured_media":212,"comment_status":"closed","ping_status":"closed","sticky":false,"template":"","format":"standard","meta":{"_monsterinsights_skip_tracking":false,"_monsterinsights_sitenote_active":false,"_monsterinsights_sitenote_note":"","_monsterinsights_sitenote_category":0,"jetpack_post_was_ever_published":false,"_jetpack_newsletter_access":"","_jetpack_dont_email_post_to_subs":false,"_jetpack_newsletter_tier_id":0,"_jetpack_memberships_contains_paywalled_content":false,"_jetpack_memberships_contains_paid_content":false,"footnotes":"","jetpack_publicize_message":"","jetpack_publicize_feature_enabled":true,"jetpack_social_post_already_shared":true,"jetpack_social_options":{"image_generator_settings":{"template":"highway","default_image_id":0,"font":"","enabled":false},"version":2}},"categories":[5],"tags":[],"class_list":["post-198","post","type-post","status-publish","format-standard","has-post-thumbnail","hentry","category-yep","xfolkentry"],"translation":{"provider":"WPGlobus","version":"3.0.2","language":"ca","enabled_languages":["en","es","cr","nl","ca","fr"],"languages":{"en":{"title":true,"content":true,"excerpt":false},"es":{"title":true,"content":true,"excerpt":false},"cr":{"title":true,"content":true,"excerpt":false},"nl":{"title":true,"content":true,"excerpt":false},"ca":{"title":true,"content":true,"excerpt":false},"fr":{"title":true,"content":true,"excerpt":false}}},"jetpack_publicize_connections":[],"jetpack_featured_media_url":"https:\/\/i0.wp.com\/www.yep4europe.eu\/wp-content\/uploads\/2016\/12\/captura_stopmm.png?fit=252%2C214&ssl=1","jetpack_sharing_enabled":true,"jetpack_shortlink":"https:\/\/wp.me\/p7sH5R-3c","jetpack-related-posts":[],"_links":{"self":[{"href":"https:\/\/www.yep4europe.eu\/ca\/wp-json\/wp\/v2\/posts\/198","targetHints":{"allow":["GET"]}}],"collection":[{"href":"https:\/\/www.yep4europe.eu\/ca\/wp-json\/wp\/v2\/posts"}],"about":[{"href":"https:\/\/www.yep4europe.eu\/ca\/wp-json\/wp\/v2\/types\/post"}],"author":[{"embeddable":true,"href":"https:\/\/www.yep4europe.eu\/ca\/wp-json\/wp\/v2\/users\/6"}],"replies":[{"embeddable":true,"href":"https:\/\/www.yep4europe.eu\/ca\/wp-json\/wp\/v2\/comments?post=198"}],"version-history":[{"count":9,"href":"https:\/\/www.yep4europe.eu\/ca\/wp-json\/wp\/v2\/posts\/198\/revisions"}],"predecessor-version":[{"id":211,"href":"https:\/\/www.yep4europe.eu\/ca\/wp-json\/wp\/v2\/posts\/198\/revisions\/211"}],"wp:featuredmedia":[{"embeddable":true,"href":"https:\/\/www.yep4europe.eu\/ca\/wp-json\/wp\/v2\/media\/212"}],"wp:attachment":[{"href":"https:\/\/www.yep4europe.eu\/ca\/wp-json\/wp\/v2\/media?parent=198"}],"wp:term":[{"taxonomy":"category","embeddable":true,"href":"https:\/\/www.yep4europe.eu\/ca\/wp-json\/wp\/v2\/categories?post=198"},{"taxonomy":"post_tag","embeddable":true,"href":"https:\/\/www.yep4europe.eu\/ca\/wp-json\/wp\/v2\/tags?post=198"}],"curies":[{"name":"wp","href":"https:\/\/api.w.org\/{rel}","templated":true}]}}