{"id":224,"date":"2017-01-17T11:37:12","date_gmt":"2017-01-17T10:37:12","guid":{"rendered":"http:\/\/www.yep4europe.eu\/?p=224"},"modified":"2017-06-06T13:52:51","modified_gmt":"2017-06-06T11:52:51","slug":"story-telling-of-priti","status":"publish","type":"post","link":"https:\/\/www.yep4europe.eu\/ca\/blog\/2017\/01\/17\/story-telling-of-priti\/","title":{"rendered":"El seu nom era Krishan Lal"},"content":{"rendered":"<div class=\"embed-vimeo\" style=\"text-align: center;\"><iframe loading=\"lazy\" src=\"https:\/\/player.vimeo.com\/video\/186562098\" width=\"640\" height=\"360\" frameborder=\"0\" webkitallowfullscreen mozallowfullscreen allowfullscreen><\/iframe><\/div>\n<p><a href=\"https:\/\/vimeo.com\/186562098\">Priti &#8211; Papa<\/a> from <a href=\"https:\/\/vimeo.com\/maksvzw\">maks vzw<\/a> on <a href=\"https:\/\/vimeo.com\">Vimeo<\/a>.<\/p>\n<blockquote>\n<p lang=\"ca-ES\">El meu nom \u00e9s Priti, s\u00f3c inform\u00e0tica i d&#8217;origen indi i mauriciano.<\/p>\n<p lang=\"ca-ES\">Vaig participar en el projecte Yep perqu\u00e8 volia con\u00e8ixer als refugiats, estar m\u00e9s a prop seu, veure com s\u00f3n realment &#8230; perqu\u00e8 escoltem molt sobre ells, per\u00f2 no estem molt a prop seu. Participar en el projecte Yep4Europe m&#8217;ha donat un impuls addicional per treballar encara m\u00e9s amb els refugiats i con\u00e8ixer-los m\u00e9s de prop i ajudar-los. He triat explicar la hist\u00f2ria del meu pare perqu\u00e8 d\u2019ell em ve la for\u00e7a i inspiraci\u00f3. No \u00e9s una hist\u00f2ria trista, per contra. Ell \u00e9s part de mi i la seva hist\u00f2ria \u00e9s la d&#8217;un refugiat que nom\u00e9s volia el millor per a la seva fam\u00edlia. Estima als teus pares, estima&#8217;ls perqu\u00e8 la vida \u00e9s curta i d&#8217;una manera o altra, tots som refugiats. Tots som ciutadans del m\u00f3n.<\/p>\n<p>&#8220;El seu nom era Krishan Lal i va deixar els seus estudis als 12 anys per treballar com a agricultor. Als 16 anys va deixar l&#8217;\u00cdndia per anar a Europa a buscar una feina millor i guanyar m\u00e9s diners per ajudar la seva fam\u00edlia. Va viatjar a trav\u00e9s d&#8217;Holanda, Alemanya i finalment va arribar a B\u00e8lgica. Despr\u00e9s d&#8217;alguns anys de lluita va rebre els papers per quedar-se a B\u00e8lgica. Es va trobar amb una dona meravellosa que es va convertir en la seva esposa i van tenir 3 fills junts. Cuiner a Brussel\u00b7les durant 25 anys, quan estava de vacances cuinava i convidava a tots a compartir la seva saborosa cuina. Sempre havia sobres. Ell podia aportar-te un m\u00f3n de felicitat. Era un germ\u00e0 meravell\u00f3s. Va organitzar els casaments de les seves 4 germanes i 3 germans. Ell va ser un pare molt afectu\u00f3s i un amant esp\u00f2s. Al 2011 va tenir un atac de cor i va morir a l&#8217;acte. La seva esposa i fills no van tenir l&#8217;oportunitat de dir-li ad\u00e9u, ja que estaven a Fran\u00e7a. El seu amor era incondicional i sempre romandr\u00e0 en tots els cors. Ell, persona honesta, divertida i generosa, \u00e9s el meu pare. La seva hist\u00f2ria \u00e9s part de la meva. Estic molt orgullosa de portar el seu nom i ser la seva filla.<\/p><\/blockquote>\n","protected":false},"excerpt":{"rendered":"<p class=\"excerpt\">Priti &#8211; Papa from maks vzw on Vimeo. El meu nom \u00e9s Priti, s\u00f3c inform\u00e0tica i d&#8217;origen indi i mauriciano. Vaig participar en el projecte Yep perqu\u00e8 volia con\u00e8ixer als refugiats, estar m\u00e9s a prop seu, veure com s\u00f3n realment &#8230; perqu\u00e8 escoltem molt sobre ells, per\u00f2 no estem molt a prop seu. Participar en el projecte Yep4Europe m&#8217;ha donat&hellip; <a href=\"https:\/\/www.yep4europe.eu\/ca\/blog\/2017\/01\/17\/story-telling-of-priti\/\">Read more &rarr;<\/a><\/p>\n","protected":false},"author":21,"featured_media":179,"comment_status":"closed","ping_status":"closed","sticky":false,"template":"","format":"standard","meta":{"_monsterinsights_skip_tracking":false,"_monsterinsights_sitenote_active":false,"_monsterinsights_sitenote_note":"","_monsterinsights_sitenote_category":0,"jetpack_post_was_ever_published":false,"_jetpack_newsletter_access":"","_jetpack_dont_email_post_to_subs":false,"_jetpack_newsletter_tier_id":0,"_jetpack_memberships_contains_paywalled_content":false,"_jetpack_memberships_contains_paid_content":false,"footnotes":"","jetpack_publicize_message":"","jetpack_publicize_feature_enabled":true,"jetpack_social_post_already_shared":true,"jetpack_social_options":{"image_generator_settings":{"template":"highway","default_image_id":0,"font":"","enabled":false},"version":2}},"categories":[4],"tags":[],"class_list":["post-224","post","type-post","status-publish","format-standard","has-post-thumbnail","hentry","category-storytelling","xfolkentry"],"translation":{"provider":"WPGlobus","version":"3.0.2","language":"ca","enabled_languages":["en","es","cr","nl","ca","fr"],"languages":{"en":{"title":true,"content":true,"excerpt":false},"es":{"title":true,"content":true,"excerpt":false},"cr":{"title":true,"content":true,"excerpt":false},"nl":{"title":false,"content":false,"excerpt":false},"ca":{"title":true,"content":true,"excerpt":false},"fr":{"title":false,"content":false,"excerpt":false}}},"jetpack_publicize_connections":[],"jetpack_featured_media_url":"https:\/\/i0.wp.com\/www.yep4europe.eu\/wp-content\/uploads\/2016\/11\/featured_image_1.jpg?fit=1500%2C577&ssl=1","jetpack_sharing_enabled":true,"jetpack_shortlink":"https:\/\/wp.me\/p7sH5R-3C","jetpack-related-posts":[],"_links":{"self":[{"href":"https:\/\/www.yep4europe.eu\/ca\/wp-json\/wp\/v2\/posts\/224","targetHints":{"allow":["GET"]}}],"collection":[{"href":"https:\/\/www.yep4europe.eu\/ca\/wp-json\/wp\/v2\/posts"}],"about":[{"href":"https:\/\/www.yep4europe.eu\/ca\/wp-json\/wp\/v2\/types\/post"}],"author":[{"embeddable":true,"href":"https:\/\/www.yep4europe.eu\/ca\/wp-json\/wp\/v2\/users\/21"}],"replies":[{"embeddable":true,"href":"https:\/\/www.yep4europe.eu\/ca\/wp-json\/wp\/v2\/comments?post=224"}],"version-history":[{"count":13,"href":"https:\/\/www.yep4europe.eu\/ca\/wp-json\/wp\/v2\/posts\/224\/revisions"}],"predecessor-version":[{"id":374,"href":"https:\/\/www.yep4europe.eu\/ca\/wp-json\/wp\/v2\/posts\/224\/revisions\/374"}],"wp:featuredmedia":[{"embeddable":true,"href":"https:\/\/www.yep4europe.eu\/ca\/wp-json\/wp\/v2\/media\/179"}],"wp:attachment":[{"href":"https:\/\/www.yep4europe.eu\/ca\/wp-json\/wp\/v2\/media?parent=224"}],"wp:term":[{"taxonomy":"category","embeddable":true,"href":"https:\/\/www.yep4europe.eu\/ca\/wp-json\/wp\/v2\/categories?post=224"},{"taxonomy":"post_tag","embeddable":true,"href":"https:\/\/www.yep4europe.eu\/ca\/wp-json\/wp\/v2\/tags?post=224"}],"curies":[{"name":"wp","href":"https:\/\/api.w.org\/{rel}","templated":true}]}}