{"id":246,"date":"2017-01-20T08:35:05","date_gmt":"2017-01-20T07:35:05","guid":{"rendered":"http:\/\/www.yep4europe.eu\/?p=246"},"modified":"2017-07-24T16:05:29","modified_gmt":"2017-07-24T14:05:29","slug":"syria-have-to-choose-kill-people","status":"publish","type":"post","link":"https:\/\/www.yep4europe.eu\/ca\/blog\/2017\/01\/20\/syria-have-to-choose-kill-people\/","title":{"rendered":"&#8220;A S\u00edria ha de triar un costat o l&#8217;altre per matar la gent&#8221;"},"content":{"rendered":"<p lang=\"ca-ES\">Vam tenir l&#8217;oportunitat de parlar amb Nour, un refugiat que estava atrapat a Gr\u00e8cia.<\/p>\n<p><b>Quant de temps has estat a Gr\u00e8cia?<\/b><\/p>\n<p><b>8 mesos<\/b><\/p>\n<p>Ha<b>s<\/b><b> estat en el mateix lloc tot aquest temps o ha<\/b><b>s<\/b><b> canviat a diferents llocs?<\/b><\/p>\n<p>Jo era a Idomeni i despr\u00e9s vam venir al campament de Kalachori.<\/p>\n<p><b>Per qu\u00e8 vas haver de fugir del teu pa\u00eds?<\/b><\/p>\n<p>A causa de la guerra, del bombardeig. No era un lloc segur. I si vols quedar-te a S\u00edria has de triar un costat o l&#8217;altre per matar a unes o altres persones i no m&#8217;agrada aix\u00f2. Estic molt cansat d&#8217;aquesta hist\u00f2ria en realitat, perqu\u00e8 he perdut tot i no tinc res a S\u00edria ara, ni tan sols la fam\u00edlia o els amics. Despr\u00e9s de quatre anys junts, la meva xicota va morir vint dies abans que ens an\u00e9ssim a casar; la culpa la va tenir la guerra.<\/p>\n<p><b>Com va ser el viatge a Gr\u00e8cia?<\/b><\/p>\n<p>Quan \u00e9rem al vaixell \u00e9rem 75 persones i jo era el pilot. Enmig de la mar, el motor va deixar de funcionar, i hi havia un munt de nens i ancians. Pensem que seria impossible continuar perqu\u00e8 no sab\u00edem que cam\u00ed seguir, i cridem a la policia. Els vam dir que necessit\u00e0vem ajuda per\u00f2 van penjar, no es van preocupar per nosaltres. Finalment, vam poder solucionar el problema mec\u00e0nic i vam arribar a Gr\u00e8cia. Vam estar al mar 6 hores.<\/p>\n<p><b>Quants diners va haver de pagar per fer el viatge?<\/b><\/p>\n<p>1.200 d\u00f2lars.<\/p>\n<p><b>Quants dies va<\/b><b>s<\/b><b> <\/b><b>trigar en<\/b><b> anar de S\u00edria a Gr\u00e8cia?<\/b><\/p>\n<p>3 dies<\/p>\n<p><b>Com et sents ara a Gr\u00e8cia?<\/b><\/p>\n<p>Em sento com si fos molt estrany; \u00e9s dif\u00edcil, perqu\u00e8 molta gent necessita ajuda i intento fer tot el que puc, per\u00f2 no puc fer-ho sol.<\/p>\n<p><b>Quin \u00e9s el teu pla en el futur?<\/b><\/p>\n<p>El meu pla \u00e9s anar a qualsevol lloc, per\u00f2 m&#8217;agradaria anar a Barcelona, perqu\u00e8 abans que hagu\u00e9s d&#8217;anar a Gr\u00e8cia vaig veure un munt de fotos de Barcelona i d&#8217;Espanya. \u00c9s molt bonic. Quan vaig arribar a Gr\u00e8cia vaig con\u00e8ixer a moltes organitzacions espanyoles que volen ajudar-nos. \u00c9s per aix\u00f2 que m&#8217;agradaria venir a Barcelona i treballar en alguna organitzaci\u00f3 per ajudar a la gent.<\/p>\n<p><b>Rep<\/b><b>s<\/b><b> alguna ajuda d&#8217;alguna ONG o altres organitzacions?<\/b><\/p>\n<p>Em ajuden a ser un voluntari amb ells, per\u00f2 sense diners pel mig.<\/p>\n<p><b>Quina \u00e9s la teva vida di\u00e0ria a Gr\u00e8cia?<\/b><\/p>\n<p>Si em preguntes com em sento regularment, estic cansat, per\u00f2 intento mostrar que s\u00f3c feli\u00e7.<\/p>\n<p><b>Com passes el teu temps aqu\u00ed?<\/b><\/p>\n<p>Treballo en una casa prop de Kalachori, i la resta del dia no fem res.<\/p>\n<p><b>Hi ha res que vulguis explicar sobre tu?<\/b><\/p>\n<p>Ser un refugiat \u00e9s molt dif\u00edcil, molta gent ho va perdre tot. Cal ajudar a gent de tot el m\u00f3n, no nom\u00e9s als sirians. Espero que algun dia tots puguem estar junts i ajudar-nos els uns als altres.<\/p>\n<p><b>Pens<\/b><b>es<\/b><b> en el passat o mir<\/b><b>es<\/b><b> cap al futur?<\/b><\/p>\n<p>Estic pensant molt en el present, en realitat: a ajudar a la gent i anar a un altre pa\u00eds com Espanya.<\/p>\n<p><b>Ha<\/b><b>s<\/b><b> demanat asil a Barcelona? Ets lliure de moure&#8217;t?<\/b><\/p>\n<p>No he preguntat encara, perqu\u00e8 estic esperant una entrevista. Si ets un refugiat, tens dues opcions: si tens fam\u00edlia en un altre pa\u00eds i tens menys de 18 anys, pots sol\u00b7licitar anar a un pa\u00eds. Per\u00f2 si no tens fam\u00edlia, has de fer tres entrevistes, i despr\u00e9s triar el pa\u00eds que has d&#8217;anar.<\/p>\n<p>En aquesta breu narraci\u00f3 hem utilitzat fotos que Nour ha estat fent al campament durant el seu treball com a voluntari. Ell les va compartir amb nosaltres, perqu\u00e8 vol mostrar la seva hist\u00f2ria.<\/p>\n<span class=\"embed-youtube\" style=\"text-align:center; display: block;\"><iframe loading=\"lazy\" class=\"youtube-player\" width=\"750\" height=\"422\" src=\"https:\/\/www.youtube.com\/embed\/JHaQtTlVD3s?version=3&#038;rel=1&#038;showsearch=0&#038;showinfo=1&#038;iv_load_policy=1&#038;fs=1&#038;hl=es-CA&#038;autohide=2&#038;wmode=transparent\" allowfullscreen=\"true\" style=\"border:0;\" sandbox=\"allow-scripts allow-same-origin allow-popups allow-presentation allow-popups-to-escape-sandbox\"><\/iframe><\/span>\n<blockquote>\n<p lang=\"ca-ES\">Anem a con\u00e8ixer a Nour<\/p>\n<p>Un jove de 24 anys que porta 8 mesos vivint en un camp de Gr\u00e8cia: Kalahori<br \/>\nVa haver de fugir de S\u00edria perqu\u00e8 la guerra nom\u00e9s li donava dues opcions<br \/>\nFugir o matar<br \/>\n3 hores de viatge<br \/>\n6 hores a la Mediterr\u00e0nia<br \/>\n1.200 euros<br \/>\nVa aconseguir arribar a Gr\u00e8cia<br \/>\nAra \u00e9s voluntari en el camp<br \/>\ni cuina per a les 600 persones que viuen amb ell<br \/>\ndiuen que \u00e9s dif\u00edcil i rar viure aix\u00ed<br \/>\nper\u00f2 espera complir el seu somni<br \/>\nviure a Barcelona<\/p><\/blockquote>\n","protected":false},"excerpt":{"rendered":"<p class=\"excerpt\">Vam tenir l&#8217;oportunitat de parlar amb Nour, un refugiat que estava atrapat a Gr\u00e8cia. Quant de temps has estat a Gr\u00e8cia? 8 mesos Has estat en el mateix lloc tot aquest temps o has canviat a diferents llocs? Jo era a Idomeni i despr\u00e9s vam venir al campament de Kalachori. Per qu\u00e8 vas haver de fugir del teu pa\u00eds? A&hellip; <a href=\"https:\/\/www.yep4europe.eu\/ca\/blog\/2017\/01\/20\/syria-have-to-choose-kill-people\/\">Read more &rarr;<\/a><\/p>\n","protected":false},"author":6,"featured_media":247,"comment_status":"closed","ping_status":"closed","sticky":false,"template":"","format":"standard","meta":{"_monsterinsights_skip_tracking":false,"_monsterinsights_sitenote_active":false,"_monsterinsights_sitenote_note":"","_monsterinsights_sitenote_category":0,"jetpack_post_was_ever_published":false,"_jetpack_newsletter_access":"","_jetpack_dont_email_post_to_subs":false,"_jetpack_newsletter_tier_id":0,"_jetpack_memberships_contains_paywalled_content":false,"_jetpack_memberships_contains_paid_content":false,"footnotes":"","jetpack_publicize_message":"","jetpack_publicize_feature_enabled":true,"jetpack_social_post_already_shared":true,"jetpack_social_options":{"image_generator_settings":{"template":"highway","default_image_id":0,"font":"","enabled":false},"version":2}},"categories":[6],"tags":[9,11,10],"class_list":["post-246","post","type-post","status-publish","format-standard","has-post-thumbnail","hentry","category-interviews","tag-europe","tag-human-rights","tag-mediterranean","xfolkentry"],"translation":{"provider":"WPGlobus","version":"3.0.2","language":"ca","enabled_languages":["en","es","cr","nl","ca","fr"],"languages":{"en":{"title":true,"content":true,"excerpt":false},"es":{"title":true,"content":true,"excerpt":false},"cr":{"title":true,"content":true,"excerpt":false},"nl":{"title":true,"content":true,"excerpt":false},"ca":{"title":true,"content":true,"excerpt":false},"fr":{"title":true,"content":true,"excerpt":false}}},"jetpack_publicize_connections":[],"jetpack_featured_media_url":"https:\/\/i0.wp.com\/www.yep4europe.eu\/wp-content\/uploads\/2017\/01\/campo.jpg?fit=1000%2C600&ssl=1","jetpack_sharing_enabled":true,"jetpack_shortlink":"https:\/\/wp.me\/p7sH5R-3Y","jetpack-related-posts":[],"_links":{"self":[{"href":"https:\/\/www.yep4europe.eu\/ca\/wp-json\/wp\/v2\/posts\/246","targetHints":{"allow":["GET"]}}],"collection":[{"href":"https:\/\/www.yep4europe.eu\/ca\/wp-json\/wp\/v2\/posts"}],"about":[{"href":"https:\/\/www.yep4europe.eu\/ca\/wp-json\/wp\/v2\/types\/post"}],"author":[{"embeddable":true,"href":"https:\/\/www.yep4europe.eu\/ca\/wp-json\/wp\/v2\/users\/6"}],"replies":[{"embeddable":true,"href":"https:\/\/www.yep4europe.eu\/ca\/wp-json\/wp\/v2\/comments?post=246"}],"version-history":[{"count":17,"href":"https:\/\/www.yep4europe.eu\/ca\/wp-json\/wp\/v2\/posts\/246\/revisions"}],"predecessor-version":[{"id":298,"href":"https:\/\/www.yep4europe.eu\/ca\/wp-json\/wp\/v2\/posts\/246\/revisions\/298"}],"wp:featuredmedia":[{"embeddable":true,"href":"https:\/\/www.yep4europe.eu\/ca\/wp-json\/wp\/v2\/media\/247"}],"wp:attachment":[{"href":"https:\/\/www.yep4europe.eu\/ca\/wp-json\/wp\/v2\/media?parent=246"}],"wp:term":[{"taxonomy":"category","embeddable":true,"href":"https:\/\/www.yep4europe.eu\/ca\/wp-json\/wp\/v2\/categories?post=246"},{"taxonomy":"post_tag","embeddable":true,"href":"https:\/\/www.yep4europe.eu\/ca\/wp-json\/wp\/v2\/tags?post=246"}],"curies":[{"name":"wp","href":"https:\/\/api.w.org\/{rel}","templated":true}]}}