{"id":320,"date":"2017-01-21T17:23:26","date_gmt":"2017-01-21T16:23:26","guid":{"rendered":"http:\/\/www.yep4europe.eu\/?p=320"},"modified":"2017-06-06T13:54:14","modified_gmt":"2017-06-06T11:54:14","slug":"sanae","status":"publish","type":"post","link":"https:\/\/www.yep4europe.eu\/ca\/blog\/2017\/01\/21\/sanae\/","title":{"rendered":"Sanae"},"content":{"rendered":"<p lang=\"ca-ES\">Em vaig posar en contacte amb els refugiats a Cro\u00e0cia, i la seva realitat i les circumst\u00e0ncies en qu\u00e8 viuen m&#8217;han sorpr\u00e8s profundament. Jo vaig participar en el projecte perqu\u00e8 volia enfrontar la realitat i no nom\u00e9s des de darrere de la pantalla, volia estar en contacte directe amb aquestes persones i el que estan passant i veure el que el govern est\u00e0 fent per aquestes persones, per a qu\u00e8 puguin sortir d&#8217;aquesta situaci\u00f3.<\/p>\n<p>Participar en aquesta experi\u00e8ncia m&#8217;ha donat l&#8217;oportunitat d&#8217;obrir els ulls, veure una altra realitat; em va ajudar a adonar-me, s\u00ed, que tinc molta sort amb la vida que estic vivint avui i que miro de manera diferent la meva vida. S\u00ed, el projecte ha tingut un impacte en que cada dia s\u00f3c conscient que tinc sort.<\/p>\n<p>En el meu v\u00eddeo parlo d&#8217;alg\u00fa que conec des de fa anys i de una hist\u00f2ria que m&#8217;ha tocat. Vull fer \u00e8mfasi en les imatges que he utilitzat que estan sota la llic\u00e8ncia Creative Commons per donar suport la meva hist\u00f2ria. S\u00f3n simb\u00f2liques i no sempre va ser f\u00e0cil trobar-les. Estic orgullosa del resultat, ja que em va donar l&#8217;oportunitat d&#8217;experimentar el fet d\u2019explicar la meva hist\u00f2ria amb imatges interpretables.<\/p>\n<p>&#8220;Avui, m&#8217;agradaria explicar-los una hist\u00f2ria sobre una dona. Una dona que vaig con\u00e8ixer fa cinc anys. La primera vegada que la vaig veure, era dif\u00edcil imaginar com havia viscut abans. Em va explicar que feia deu anys va abandonar el seu pa\u00eds per viure a B\u00e8lgica. Il\u00b7legalment. La seva decisi\u00f3 va ser un xoc emocional real, per\u00f2 tamb\u00e9 financerament. Ella em va explicar que, un dia, quan ella estava treballant en un restaurant, un oficial de policia va arribar i va descobrir que ella estava al pa\u00eds il\u00b7legalment. L&#8217;oficial la va detenir immediatament. Va passar la nit a la pres\u00f3. Al dia seg\u00fcent va ser alliberada, per\u00f2 sota una ordre de deportaci\u00f3. Des d&#8217;aquell dia estava molt espantada per ser sotmesa a control novament i temorosa de treballar de nou. Encara que ho va intentar, la por era massa fort.<\/p>\n<p>Com que no tenia ingressos, la seva germana es va oferir a viure amb ella. Setmanes m\u00e9s tard la seva situaci\u00f3 va comen\u00e7ar a ser desagradable i inc\u00f2moda. Per si mateixa, perqu\u00e8 havia de dependre d&#8217;una altra persona i de la seva germana que tenia una boca m\u00e9s per alimentar. Algun temps despr\u00e9s, va con\u00e8ixer a un home. Ella es va enamorar d&#8217;ell, i ell d&#8217;ella. En ell va veure un raig d&#8217;esperan\u00e7a, i ell coneixia la seva situaci\u00f3. Despr\u00e9s l&#8217;hi va proposar. Tristament l&#8217;estat va jutjar que el seu matrimoni era fals i va rebutjar la seva petici\u00f3. Tot i que estaven una mica decebuts, l&#8217;home va proposar a la dona viure junts, encara que no estaven casats.<\/p>\n<p>Una nit, van sentir un cop a la porta. Violentament. Es van aixecar per veure qui estava trucant a la porta. Era la policia. Van venir a portar-la perqu\u00e8 no tenia papers. Es van sorprendre al trobar-la embarassada. No podien fer-ho. Ells li van dir que tornarien a detenir-la despr\u00e9s del seu embar\u00e0s si ella no es presentava a l&#8217;estaci\u00f3 de policia. Despr\u00e9s d&#8217;aix\u00f2, van decidir fer una nova sol\u00b7licitud per al seu matrimoni. Afortunadament, es va aprovar.<\/p>\n<p>La fam\u00edlia ara \u00e9s feli\u00e7 i compta amb quatre membres. El pare, la mare, un nen i una nena. &#8220;<\/p>\n","protected":false},"excerpt":{"rendered":"<p class=\"excerpt\">Em vaig posar en contacte amb els refugiats a Cro\u00e0cia, i la seva realitat i les circumst\u00e0ncies en qu\u00e8 viuen m&#8217;han sorpr\u00e8s profundament. Jo vaig participar en el projecte perqu\u00e8 volia enfrontar la realitat i no nom\u00e9s des de darrere de la pantalla, volia estar en contacte directe amb aquestes persones i el que estan passant i veure el que&hellip; <a href=\"https:\/\/www.yep4europe.eu\/ca\/blog\/2017\/01\/21\/sanae\/\">Read more &rarr;<\/a><\/p>\n","protected":false},"author":20,"featured_media":0,"comment_status":"closed","ping_status":"closed","sticky":false,"template":"","format":"standard","meta":{"_monsterinsights_skip_tracking":false,"_monsterinsights_sitenote_active":false,"_monsterinsights_sitenote_note":"","_monsterinsights_sitenote_category":0,"jetpack_post_was_ever_published":false,"_jetpack_newsletter_access":"","_jetpack_dont_email_post_to_subs":false,"_jetpack_newsletter_tier_id":0,"_jetpack_memberships_contains_paywalled_content":false,"_jetpack_memberships_contains_paid_content":false,"footnotes":"","jetpack_publicize_message":"","jetpack_publicize_feature_enabled":true,"jetpack_social_post_already_shared":true,"jetpack_social_options":{"image_generator_settings":{"template":"highway","default_image_id":0,"font":"","enabled":false},"version":2}},"categories":[5],"tags":[],"class_list":["post-320","post","type-post","status-publish","format-standard","hentry","category-yep","xfolkentry"],"translation":{"provider":"WPGlobus","version":"3.0.2","language":"ca","enabled_languages":["en","es","cr","nl","ca","fr"],"languages":{"en":{"title":true,"content":true,"excerpt":false},"es":{"title":true,"content":true,"excerpt":false},"cr":{"title":true,"content":true,"excerpt":false},"nl":{"title":false,"content":false,"excerpt":false},"ca":{"title":true,"content":true,"excerpt":false},"fr":{"title":false,"content":false,"excerpt":false}}},"jetpack_publicize_connections":[],"jetpack_featured_media_url":"","jetpack_sharing_enabled":true,"jetpack_shortlink":"https:\/\/wp.me\/s7sH5R-sanae","jetpack-related-posts":[],"_links":{"self":[{"href":"https:\/\/www.yep4europe.eu\/ca\/wp-json\/wp\/v2\/posts\/320","targetHints":{"allow":["GET"]}}],"collection":[{"href":"https:\/\/www.yep4europe.eu\/ca\/wp-json\/wp\/v2\/posts"}],"about":[{"href":"https:\/\/www.yep4europe.eu\/ca\/wp-json\/wp\/v2\/types\/post"}],"author":[{"embeddable":true,"href":"https:\/\/www.yep4europe.eu\/ca\/wp-json\/wp\/v2\/users\/20"}],"replies":[{"embeddable":true,"href":"https:\/\/www.yep4europe.eu\/ca\/wp-json\/wp\/v2\/comments?post=320"}],"version-history":[{"count":6,"href":"https:\/\/www.yep4europe.eu\/ca\/wp-json\/wp\/v2\/posts\/320\/revisions"}],"predecessor-version":[{"id":391,"href":"https:\/\/www.yep4europe.eu\/ca\/wp-json\/wp\/v2\/posts\/320\/revisions\/391"}],"wp:attachment":[{"href":"https:\/\/www.yep4europe.eu\/ca\/wp-json\/wp\/v2\/media?parent=320"}],"wp:term":[{"taxonomy":"category","embeddable":true,"href":"https:\/\/www.yep4europe.eu\/ca\/wp-json\/wp\/v2\/categories?post=320"},{"taxonomy":"post_tag","embeddable":true,"href":"https:\/\/www.yep4europe.eu\/ca\/wp-json\/wp\/v2\/tags?post=320"}],"curies":[{"name":"wp","href":"https:\/\/api.w.org\/{rel}","templated":true}]}}